{"id":11,"date":"2008-02-11T16:36:37","date_gmt":"2008-02-11T14:36:37","guid":{"rendered":"http:\/\/www.mykop.de\/?p=11"},"modified":"2008-02-17T16:39:30","modified_gmt":"2008-02-17T14:39:30","slug":"monat-2","status":"publish","type":"post","link":"https:\/\/www.mykop.de\/?p=11","title":{"rendered":"Monat 2"},"content":{"rendered":"<p>Que tal mi amigos?!<o:p><\/o:p><\/p>\n<p>Wieder mal ein kurzer Bericht aus Nordspanien.<o:p><\/o:p><\/p>\n<p>Die Uhr tickt f\u00fcr meinen Mitbewohner Klaus. Am Freitag hei\u00dft es dann f\u00fcr ihn: bye bye Pamplona. <o:p><\/o:p><\/p>\n<p>Daf\u00fcr habe ich seit einer Woche zwei neue Mitbewohner:<o:p><\/o:p><\/p>\n<p>Jorje, ein spanischer Oberkellner und Sarah eine US-Amerikanerin aus Pennsylvania, die hier f\u00fcr einige Monate studiert.<o:p><\/o:p><\/p>\n<p>Am Wochenende waren wir zwei H\u00fcbschen etwas das Umland erkunden. Diesmal war der Norden dran. Unglaublich aber wahr: wir fanden einen Park mit B\u00c3\u201eUMEN! <span style=\"font-family: Wingdings\">J<\/span><span> <span lang=\"EN-GB\"><o:p><\/o:p><\/span><\/span><\/p>\n<p><span lang=\"EN-GB\">@Sarah: Can you feel the tree?! Smell it, touch it, hear it and see it\u00e2\u20ac\u00a6<o:p><\/o:p><\/span><\/p>\n<p>Unterwegs haben wir gehalten, um angeblich die BESTE Cuajada Spaniens zu essen. Das ist eine Milchspeise, die wie dickgekochte Milch schmeckt und sehr unspektakul\u00c3\u00a4r ausschaut. Aber etwas Derartiges hab ich noch nie gegessen! Einfach mal bei Gelegenheit versuchen\u00e2\u20ac\u00a6sehr \u00e2\u20ac\u00a6Einmalig!<o:p><\/o:p><\/p>\n<p>Meine Lieben, schaut einfach die Pix, denn ich muss ins Bett!<span style=\"font-family: Wingdings\">J<\/span><o:p><\/o:p><\/p>\n<p><a href=\"http:\/\/picasaweb.google.de\/Anna.Fischer.84\/BlogMonat2_110208\"><span style=\"color: windowtext\">http:\/\/picasaweb.google.de\/Anna.Fischer.84\/BlogMonat2_110208<\/span><\/a><o:p><\/o:p><\/p>\n<p>Gruss und Kuss<o:p><\/o:p><\/p>\n<p>-anna- <o:p><\/o:p><\/p>\n","protected":false},"excerpt":{"rendered":"<p>Que tal mi amigos?! Wieder mal ein kurzer Bericht aus Nordspanien. Die Uhr tickt f\u00fcr meinen Mitbewohner Klaus. Am Freitag hei\u00dft es dann f\u00fcr ihn: bye bye Pamplona. Daf\u00fcr habe &hellip; <\/p>\n<p><a href=\"https:\/\/www.mykop.de\/?p=11\" class=\"btn btn-readmore\">Read More <span class=\"screen-reader-text\"> &#8220;Monat 2&#8221;<\/span><\/a><\/p>\n","protected":false},"author":2,"featured_media":0,"comment_status":"open","ping_status":"open","sticky":false,"template":"","format":"standard","meta":{"footnotes":""},"categories":[15],"tags":[],"class_list":["post-11","post","type-post","status-publish","format-standard","hentry","category-crossing-boarders"],"_links":{"self":[{"href":"https:\/\/www.mykop.de\/index.php?rest_route=\/wp\/v2\/posts\/11","targetHints":{"allow":["GET"]}}],"collection":[{"href":"https:\/\/www.mykop.de\/index.php?rest_route=\/wp\/v2\/posts"}],"about":[{"href":"https:\/\/www.mykop.de\/index.php?rest_route=\/wp\/v2\/types\/post"}],"author":[{"embeddable":true,"href":"https:\/\/www.mykop.de\/index.php?rest_route=\/wp\/v2\/users\/2"}],"replies":[{"embeddable":true,"href":"https:\/\/www.mykop.de\/index.php?rest_route=%2Fwp%2Fv2%2Fcomments&post=11"}],"version-history":[{"count":0,"href":"https:\/\/www.mykop.de\/index.php?rest_route=\/wp\/v2\/posts\/11\/revisions"}],"wp:attachment":[{"href":"https:\/\/www.mykop.de\/index.php?rest_route=%2Fwp%2Fv2%2Fmedia&parent=11"}],"wp:term":[{"taxonomy":"category","embeddable":true,"href":"https:\/\/www.mykop.de\/index.php?rest_route=%2Fwp%2Fv2%2Fcategories&post=11"},{"taxonomy":"post_tag","embeddable":true,"href":"https:\/\/www.mykop.de\/index.php?rest_route=%2Fwp%2Fv2%2Ftags&post=11"}],"curies":[{"name":"wp","href":"https:\/\/api.w.org\/{rel}","templated":true}]}}