{"id":161,"date":"2008-06-29T16:11:26","date_gmt":"2008-06-29T15:11:26","guid":{"rendered":"http:\/\/www.goingeast.de\/?p=161"},"modified":"2008-06-29T16:11:26","modified_gmt":"2008-06-29T15:11:26","slug":"seit-marz","status":"publish","type":"post","link":"https:\/\/www.mykop.de\/?p=161","title":{"rendered":"seit M\u00c3\u00a4rz&#8230;"},"content":{"rendered":"<p><span style=\"font-family: 'Georgia','serif'\">&#8230; kaum was von mir h\u00f6ren lassen! Shame on me!!<\/span><\/p>\n<p><span style=\"font-family: 'Georgia','serif'\"><o:p><\/o:p><\/span><span style=\"font-family: 'Georgia','serif'\">Seit meinem letzten Blog ist viel passiert, es ist viel geschehen &#8230;*summ GuteZeitenSchlechteZeiten Melodie* \ud83d\ude42 <\/span><span style=\"font-family: 'Georgia','serif'\"><\/span><span style=\"font-family: 'Georgia','serif'\"><\/span><span style=\"font-family: 'Georgia','serif'\"><o:p><\/o:p><\/span><span style=\"font-family: 'Georgia','serif'\">Previously on &#8220;Anna abroad&#8221;: <o:p><\/o:p><\/span><span style=\"font-family: 'Georgia','serif'\">Endlich habe ich eine sch\u00f6ne gro\u00dfe Wohnung im S\u00fcden Pamplonas gefunden! Zum Gl\u00fcck f\u00fcr mich war der Malte und der Jan gerade auf Besuch in Pamplona, so dass ich dann 2 Paar helfende H\u00c3\u00a4nde mehr hatte und meine 7 Sachen schnell\u00c2\u00a0den Standort wechselten. Danke Jungs!!!!!Seit zwei Wochen hab ich auch wieder Internet! Jippyjeah!!<o:p><\/o:p><\/span><span style=\"font-family: 'Georgia','serif'\">Spanische Telekom: An einem Tag Vertrag abgeschlossen, am n\u00c3\u00a4chsten Tag angeschlossen &#8230; das nenn ich Service! \ud83d\ude42 <\/span><span style=\"font-family: 'Georgia','serif'\"><o:p><\/o:p><\/span><span style=\"font-family: 'Georgia','serif'\">Im M\u00c3\u00a4rz und Mai war ich auf Heimaturlaub (naja, Arbeiten in der Heimat halt ;))\u00c2\u00a0Trotzdem nicht geschafft alle wiederzusehen &#8230; ich arbeite dran! \ud83d\ude09 <o:p><\/o:p><\/span><span style=\"font-family: 'Georgia','serif'\">Apropos, im Juli gibts wieder ein Treffen im Colours in Rav, ich hoffe wir sind wieder so zahlreich!\u00c2\u00a0<o:p><\/o:p><\/span><span style=\"font-family: 'Georgia','serif'\">im M\u00c3\u00a4rz hatte ich au\u00dferdem die M\u00f6glichkeit Verona etwas zu erkunden. Wow! Was f\u00fcr eine Stadt! Steht auf jeden Fall noch auf der To-Do-Liste. <\/span><span style=\"font-family: 'Georgia','serif'\"><o:p><\/o:p><\/span><span style=\"font-family: 'Georgia','serif'\">Ach ja, dann gabs da noch dieses tolle Konzert in Durango, die Beatsteaks in Spanien! Das Konzert war unglaublich! Unbedingt hingehen wenn die Jungs in der N\u00c3\u00a4he sind! Das Gro\u00dfartige hier: in Spanien sind die Jungs ziemlich unbekannt, daher kamen die einfach durch den Vordereingang durchs Publikum auf die B\u00fchne und der Frontmann hat sich w\u00c3\u00a4hrend dem Konzert mehr im Publikum aufgehalten als auf der B\u00fchne <\/span><span style=\"font-family: Wingdings\"><span>J<\/span><\/span><span style=\"font-family: 'Georgia','serif'\"><o:p><\/o:p><\/span><\/p>\n<p style=\"margin: 0cm 0cm 10pt\" class=\"MsoNormal\"><font face=\"Arial\">F\u00fcr den Rest des Jahres ist noch viel geplant &#8230; was soll ich noch sagen &#8230; Bilder sagen mehr als tausend Worte, also schauts euch an \ud83d\ude09<\/font><\/p>\n<p style=\"margin: 0cm 0cm 10pt\" class=\"MsoNormal\"><font face=\"Arial\"><a href=\"http:\/\/picasaweb.google.de\/Anna.Fischer.84\/BlogMRzJuni\">http:\/\/picasaweb.google.de\/Anna.Fischer.84\/BlogMRzJuni<\/a>\u00c2\u00a0<\/font><\/p>\n<p style=\"margin: 0cm 0cm 10pt\" class=\"MsoNormal\"><font face=\"Arial\">@Sunny: San Fermin wird klasse!<\/font><\/p>\n<p><o:p><font face=\"Arial\">\u00c2\u00a0<\/font><\/o:p><span lang=\"ES\"><font face=\"Arial\">Besos y abrazos a mi amigos <\/font><\/span><span lang=\"ES\"><font face=\"Arial\"><o:p><\/o:p><\/font><\/span><span lang=\"ES\"><font face=\"Arial\">-anna-<o:p><\/o:p><\/font><\/span><\/p>\n","protected":false},"excerpt":{"rendered":"<p>&#8230; kaum was von mir h\u00f6ren lassen! Shame on me!! Seit meinem letzten Blog ist viel passiert, es ist viel geschehen &#8230;*summ GuteZeitenSchlechteZeiten Melodie* \ud83d\ude42 Previously on &#8220;Anna abroad&#8221;: Endlich &hellip; <\/p>\n<p><a href=\"https:\/\/www.mykop.de\/?p=161\" class=\"btn btn-readmore\">Read More <span class=\"screen-reader-text\"> &#8220;seit M\u00c3\u00a4rz&#8230;&#8221;<\/span><\/a><\/p>\n","protected":false},"author":2,"featured_media":0,"comment_status":"open","ping_status":"open","sticky":false,"template":"","format":"standard","meta":{"footnotes":""},"categories":[15,6],"tags":[],"class_list":["post-161","post","type-post","status-publish","format-standard","hentry","category-crossing-boarders","category-blog"],"_links":{"self":[{"href":"https:\/\/www.mykop.de\/index.php?rest_route=\/wp\/v2\/posts\/161","targetHints":{"allow":["GET"]}}],"collection":[{"href":"https:\/\/www.mykop.de\/index.php?rest_route=\/wp\/v2\/posts"}],"about":[{"href":"https:\/\/www.mykop.de\/index.php?rest_route=\/wp\/v2\/types\/post"}],"author":[{"embeddable":true,"href":"https:\/\/www.mykop.de\/index.php?rest_route=\/wp\/v2\/users\/2"}],"replies":[{"embeddable":true,"href":"https:\/\/www.mykop.de\/index.php?rest_route=%2Fwp%2Fv2%2Fcomments&post=161"}],"version-history":[{"count":0,"href":"https:\/\/www.mykop.de\/index.php?rest_route=\/wp\/v2\/posts\/161\/revisions"}],"wp:attachment":[{"href":"https:\/\/www.mykop.de\/index.php?rest_route=%2Fwp%2Fv2%2Fmedia&parent=161"}],"wp:term":[{"taxonomy":"category","embeddable":true,"href":"https:\/\/www.mykop.de\/index.php?rest_route=%2Fwp%2Fv2%2Fcategories&post=161"},{"taxonomy":"post_tag","embeddable":true,"href":"https:\/\/www.mykop.de\/index.php?rest_route=%2Fwp%2Fv2%2Ftags&post=161"}],"curies":[{"name":"wp","href":"https:\/\/api.w.org\/{rel}","templated":true}]}}