{"id":901,"date":"2009-02-16T12:31:58","date_gmt":"2009-02-16T11:31:58","guid":{"rendered":"http:\/\/www.goingeast.de\/?p=901"},"modified":"2014-05-17T20:20:27","modified_gmt":"2014-05-17T19:20:27","slug":"weltrekord-im-kussen","status":"publish","type":"post","link":"https:\/\/www.mykop.de\/?p=901","title":{"rendered":"Weltrekord im K\u00fcssen!"},"content":{"rendered":"<p>D&#8217; accord! Rekordversuch im Simultank\u00fcssen. \u00e2\u20ac\u0153B\u00c3\u00a9same mucho!\u00e2\u20ac\u009d hie\u00df es am Tag der Liebe, dem 14.Februar, in Mexiko City f\u00fcr 39.897 Menschen.<\/p>\n<p>Der Tourismusb\u00fcrgermeister von Mexico &#8211; City Alejandro Rojas hatte mit gro\u00dfen Plakaten zum K\u00fcssen aufgerufen um gegen die Gewalt und die steigende Kriminalit\u00c3\u00a4t in der Stadt zu protestieren.<\/p>\n<p>Ein anderer Hintergrund dieser Aktion war, dass der Oberb\u00fcrgermeister der zentralmexikanischen Gro\u00dfstadt Guanajuato aus dem Lager der konservativen Partei des mexikanischen Pr\u00c3\u00a4sidenten Felipe Calder\u00c3\u00b3n wollte inniges K\u00fcssen auf der Stra\u00dfe verbieten.<\/p>\n<p>Wer die Leidenschaft der Mexikaner kennt (Wolfito du vielleicht?), kann sich denken, welche gro\u00dfen Entr\u00fcstungen dies hervorgerufen hatte.<\/p>\n<div id='gallery-1' class='gallery galleryid-901 gallery-columns-3 gallery-size-thumbnail'><figure class='gallery-item'>\n\t\t\t<div class='gallery-icon landscape'>\n\t\t\t\t<a href='https:\/\/www.mykop.de\/?attachment_id=902'><img loading=\"lazy\" decoding=\"async\" width=\"150\" height=\"150\" src=\"https:\/\/www.goingeast.de\/wp-content\/uploads\/2009\/02\/kuss-150x150.jpg\" class=\"attachment-thumbnail size-thumbnail\" alt=\"\" \/><\/a>\n\t\t\t<\/div><\/figure><figure class='gallery-item'>\n\t\t\t<div class='gallery-icon landscape'>\n\t\t\t\t<a href='https:\/\/www.mykop.de\/?attachment_id=903'><img loading=\"lazy\" decoding=\"async\" width=\"150\" height=\"150\" src=\"https:\/\/www.goingeast.de\/wp-content\/uploads\/2009\/02\/kuss2-150x150.jpg\" class=\"attachment-thumbnail size-thumbnail\" alt=\"\" \/><\/a>\n\t\t\t<\/div><\/figure><figure class='gallery-item'>\n\t\t\t<div class='gallery-icon portrait'>\n\t\t\t\t<a href='https:\/\/www.mykop.de\/?attachment_id=904'><img loading=\"lazy\" decoding=\"async\" width=\"150\" height=\"150\" src=\"https:\/\/www.goingeast.de\/wp-content\/uploads\/2009\/02\/kuss3-150x150.jpg\" class=\"attachment-thumbnail size-thumbnail\" alt=\"\" \/><\/a>\n\t\t\t<\/div><\/figure>\n\t\t<\/div>\n\n<p><em>La Ciudad de M\u00c3\u00a9xico celebr\u00c3\u00b3 el D\u00c3\u00ada de San Valentin con el beso simult\u00c3\u00a1neo m\u00c3\u00a1s grande del mundo, imponiendo un nuevo R\u00c3\u00a9cord Guinness con la participaci\u00c3\u00b3n de 39.897 personas. <\/em><\/p>\n<p><em>Tambien eso era una forama del protesto contra el jefe del gobierne quien quer\u00c3\u00ada prohibir besarse en publico!!!!!!! Eso era una forma del protesto contra violencia.<\/em><\/p>\n<p><em>Quien tiene m\u00c3\u00a1s ideas parecidas para amotinar contra violencia?<\/em>\u00c2\u00a0<\/p>\n<p>\u00c2\u00a0<\/p>\n<p>Also ich finde das ist mal eine tolle Form gegen Gewalt zu demonstrieren!<\/p>\n<p>Ich h\u00c3\u00a4tte da noch so ein paar andere Ideen:<\/p>\n<p>100 Stunden extrem H\u00c3\u00a4ndchenhalten, oder 3 Tage extrem verliebt in die Augen schauen &#8230;<\/p>\n<p>Wer hat noch mehr \u00c3\u00a4hnliche Ideen?<\/p>\n<p><em><\/em><\/p>\n<p><em><\/em><\/p>\n<p><em>EURE<\/em><\/p>\n<p><em>-anna-<\/em><\/p>\n","protected":false},"excerpt":{"rendered":"<p>D&#8217; accord! Rekordversuch im Simultank\u00fcssen. \u00e2\u20ac\u0153B\u00c3\u00a9same mucho!\u00e2\u20ac\u009d hie\u00df es am Tag der Liebe, dem 14.Februar, in Mexiko City f\u00fcr 39.897 Menschen. Der Tourismusb\u00fcrgermeister von Mexico &#8211; City Alejandro Rojas hatte &hellip; <\/p>\n<p><a href=\"https:\/\/www.mykop.de\/?p=901\" class=\"btn btn-readmore\">Read More <span class=\"screen-reader-text\"> &#8220;Weltrekord im K\u00fcssen!&#8221;<\/span><\/a><\/p>\n","protected":false},"author":2,"featured_media":0,"comment_status":"open","ping_status":"open","sticky":false,"template":"","format":"standard","meta":{"footnotes":""},"categories":[27,28],"tags":[],"class_list":["post-901","post","type-post","status-publish","format-standard","hentry","category-event","category-kultur"],"_links":{"self":[{"href":"https:\/\/www.mykop.de\/index.php?rest_route=\/wp\/v2\/posts\/901","targetHints":{"allow":["GET"]}}],"collection":[{"href":"https:\/\/www.mykop.de\/index.php?rest_route=\/wp\/v2\/posts"}],"about":[{"href":"https:\/\/www.mykop.de\/index.php?rest_route=\/wp\/v2\/types\/post"}],"author":[{"embeddable":true,"href":"https:\/\/www.mykop.de\/index.php?rest_route=\/wp\/v2\/users\/2"}],"replies":[{"embeddable":true,"href":"https:\/\/www.mykop.de\/index.php?rest_route=%2Fwp%2Fv2%2Fcomments&post=901"}],"version-history":[{"count":8,"href":"https:\/\/www.mykop.de\/index.php?rest_route=\/wp\/v2\/posts\/901\/revisions"}],"predecessor-version":[{"id":5048,"href":"https:\/\/www.mykop.de\/index.php?rest_route=\/wp\/v2\/posts\/901\/revisions\/5048"}],"wp:attachment":[{"href":"https:\/\/www.mykop.de\/index.php?rest_route=%2Fwp%2Fv2%2Fmedia&parent=901"}],"wp:term":[{"taxonomy":"category","embeddable":true,"href":"https:\/\/www.mykop.de\/index.php?rest_route=%2Fwp%2Fv2%2Fcategories&post=901"},{"taxonomy":"post_tag","embeddable":true,"href":"https:\/\/www.mykop.de\/index.php?rest_route=%2Fwp%2Fv2%2Ftags&post=901"}],"curies":[{"name":"wp","href":"https:\/\/api.w.org\/{rel}","templated":true}]}}